{"id":192159,"date":"2025-11-25T17:17:00","date_gmt":"2025-11-25T16:17:00","guid":{"rendered":"https:\/\/www.sitema.de\/?p=192159"},"modified":"2025-11-25T17:17:46","modified_gmt":"2025-11-25T16:17:46","slug":"sitema-unterstuetzt-das-deutschland-stipendium","status":"publish","type":"post","link":"https:\/\/www.sitema.de\/de\/unternehmen\/news\/sitema-unterstuetzt-das-deutschland-stipendium\/","title":{"rendered":"SITEMA unterst\u00fctzt das Deutschland-Stipendium"},"content":{"rendered":"\n<p><strong>SITEMA unterst\u00fctzt das Deutschlandstipendium seit 2012 \u2013 auch 2025 wieder mit drei Stipendien<\/strong><\/p>\n\n\n\n<p>Den wissenschaftlichen Nachwuchs zu f\u00f6rdern, betrachten wir als Teil unserer unternehmerischen Verantwortung. Hoch qualifizierte Fachkr\u00e4fte sind der Schl\u00fcssel zum Erfolg unserer Wirtschaft.<\/p>\n\n\n\n<p>Als F\u00f6rderer des Deutschlandstipendiums schaffen wir jungen Menschen Freir\u00e4ume, um sich auf Studium und soziales Engagement konzentrieren zu k\u00f6nnen.<\/p>\n\n\n\n<p>Seit 2012 engagiert sich SITEMA am Karlsruher Institut f\u00fcr Technologie (KIT) und geh\u00f6rt damit zu den langj\u00e4hrigen Unterst\u00fctzern des Programms. Auch 2025 stiften wir erneut drei Stipendien und leisten damit einen konkreten Beitrag zur F\u00f6rderung talentierter Studierender in unserer Region.<\/p>\n\n\n\n<p>Foto \u00a9 Robert Fuge, KIT<\/p>\n\n\n\n<p><a href=\"https:\/\/www.kit.edu\/kit\/202412-345-deutschlandstipendien-an-studierende-des-kit-vergeben.php\" target=\"_blank\" rel=\"noreferrer noopener\">345 Deutschlandstipendien an Studierende des KIT vergeben | KIT<\/a><\/p>\n","protected":false},"excerpt":{"rendered":"<p>SITEMA unterst\u00fctzt das Deutschlandstipendium seit 2012 \u2013 auch 2025 wieder mit drei Stipendien Den wissenschaftlichen Nachwuchs zu f\u00f6rdern, betrachten wir als Teil unserer unternehmerischen Verantwortung. Hoch qualifizierte Fachkr\u00e4fte sind der Schl\u00fcssel zum Erfolg unserer Wirtschaft. Als F\u00f6rderer des Deutschlandstipendiums schaffen wir jungen Menschen Freir\u00e4ume, um sich auf Studium und soziales Engagement konzentrieren zu k\u00f6nnen. Seit [&hellip;]<\/p>\n","protected":false},"author":2,"featured_media":192162,"comment_status":"closed","ping_status":"open","sticky":false,"template":"","format":"standard","meta":{"_acf_changed":false,"_seopress_robots_primary_cat":"none","_seopress_titles_title":"","_seopress_titles_desc":"","_seopress_robots_index":"","footnotes":""},"categories":[276],"tags":[],"class_list":["post-192159","post","type-post","status-publish","format-standard","has-post-thumbnail","hentry","category-news"],"acf":[],"_links":{"self":[{"href":"https:\/\/www.sitema.de\/de\/wp-json\/wp\/v2\/posts\/192159","targetHints":{"allow":["GET"]}}],"collection":[{"href":"https:\/\/www.sitema.de\/de\/wp-json\/wp\/v2\/posts"}],"about":[{"href":"https:\/\/www.sitema.de\/de\/wp-json\/wp\/v2\/types\/post"}],"author":[{"embeddable":true,"href":"https:\/\/www.sitema.de\/de\/wp-json\/wp\/v2\/users\/2"}],"replies":[{"embeddable":true,"href":"https:\/\/www.sitema.de\/de\/wp-json\/wp\/v2\/comments?post=192159"}],"version-history":[{"count":3,"href":"https:\/\/www.sitema.de\/de\/wp-json\/wp\/v2\/posts\/192159\/revisions"}],"predecessor-version":[{"id":192176,"href":"https:\/\/www.sitema.de\/de\/wp-json\/wp\/v2\/posts\/192159\/revisions\/192176"}],"wp:featuredmedia":[{"embeddable":true,"href":"https:\/\/www.sitema.de\/de\/wp-json\/wp\/v2\/media\/192162"}],"wp:attachment":[{"href":"https:\/\/www.sitema.de\/de\/wp-json\/wp\/v2\/media?parent=192159"}],"wp:term":[{"taxonomy":"category","embeddable":true,"href":"https:\/\/www.sitema.de\/de\/wp-json\/wp\/v2\/categories?post=192159"},{"taxonomy":"post_tag","embeddable":true,"href":"https:\/\/www.sitema.de\/de\/wp-json\/wp\/v2\/tags?post=192159"}],"curies":[{"name":"wp","href":"https:\/\/api.w.org\/{rel}","templated":true}]}}